{"id":32,"date":"2022-09-02T10:37:07","date_gmt":"2022-09-02T10:37:07","guid":{"rendered":"https:\/\/cieloabierto.com.mx\/blog\/?p=32"},"modified":"2023-04-04T02:28:17","modified_gmt":"2023-04-04T02:28:17","slug":"novena-a-la-divina-misericordia-dia-2","status":"publish","type":"post","link":"https:\/\/cieloabierto.com.mx\/blog\/2022\/09\/novena-a-la-divina-misericordia-dia-2\/","title":{"rendered":"Novena a la Divina Misericordia: Dia 2"},"content":{"rendered":"\n<figure class=\"wp-block-embed is-type-video is-provider-youtube wp-block-embed-youtube wp-embed-aspect-16-9 wp-has-aspect-ratio\"><div class=\"wp-block-embed__wrapper\">\n<iframe title=\"D\u00eda 2: Novena a la Divina Misericordia\" width=\"800\" height=\"450\" src=\"https:\/\/www.youtube.com\/embed\/UXdFFnJkPE4?start=3&#038;feature=oembed\" frameborder=\"0\" allow=\"accelerometer; autoplay; clipboard-write; encrypted-media; gyroscope; picture-in-picture; web-share\" referrerpolicy=\"strict-origin-when-cross-origin\" allowfullscreen><\/iframe>\n<\/div><\/figure>\n\n\n\n<p class=\"has-text-align-right\">S\u00e1bado santo o cualquier d\u00eda del a\u00f1o<\/p>\n\n\n\n<h4 class=\"wp-block-heading\">Intenci\u00f3n del d\u00eda<\/h4>\n\n\n\n<p>\u201cHoy tr\u00e1eme a las almas de los sacerdotes y las almas de los religiosos, y sum\u00e9rgelas en mi misericordia insondable. Fueron ellas las que me dieron fortaleza para soportar mi amarga pasi\u00f3n. A trav\u00e9s de ellas, como a trav\u00e9s de canales, mi misericordia fluye hacia la humanidad\u201d.<\/p>\n\n\n\n<p class=\"has-text-align-right\">(<em>Diario de Santa Faustina, 1212<\/em>)<\/p>\n\n\n\n<hr class=\"wp-block-separator has-alpha-channel-opacity\"\/>\n\n\n\n<h4 class=\"wp-block-heading\">Oraci\u00f3n inicial<\/h4>\n\n\n\n<p>Roguemos por los sacerdotes, los religiosos y las religiosas, pues por ellos se derrama la misericordia de Dios sobre la humanidad: \u201cJes\u00fas misericordios\u00edsimo, de quien procede todo bien, aumenta tu gracia en las almas de tus sacerdotes, religiosos y religiosas, para que realicen dignas obras de misericordia, de manera que todos aquellos que los vean, glorifiquen al Padre de misericordia que est\u00e1 en el Cielo\u201d.<\/p>\n\n\n\n<p class=\"has-text-align-right\">(<em>Diario de Santa Faustina, 1213<\/em>)<\/p>\n\n\n\n<p><br>\u201cLa fuente del amor de Dios, vive en los corazones limpios, purificados en el mar de misericordia, resplandecientes como las estrellas, claros como la aurora\u201d.<\/p>\n\n\n\n<p class=\"has-text-align-right\">(<em>Diario de Santa Faustina, 1213)<\/em><\/p>\n\n\n\n<hr class=\"wp-block-separator has-alpha-channel-opacity\"\/>\n\n\n\n<h3 class=\"wp-block-heading\">LA CORONILLA DE LA MISERICORDIA<\/h3>\n\n\n\n<p><em>Se utiliza un Rosario com\u00fan de cinco decenas<\/em><\/p>\n\n\n\n<h4 class=\"wp-block-heading\">MENSAJES DE JES\u00daS<\/h4>\n\n\n\n<blockquote class=\"wp-block-quote is-layout-flow wp-block-quote-is-layout-flow\">\n<p> \u00abAlienta a las personas a decir la Coronilla que te he dado&#8230; R\u00e9zala incesantemente. Quien la recite recibir\u00e1 gran misericordia a la hora de la muerte. Los sacerdotes la recomendaran a los pecadores como su \u00faltimo refugio de salvaci\u00f3n. Aun si el pecador m\u00e1s empedernido hubiese recitado esta Coronilla al menos una vez, recibir\u00e1 la gracia de Mi infinita Misericordia. Deseo conceder gracias inimaginables a aquellos que conf\u00edan en Mi Misericordia\u00bb.<\/p>\n<\/blockquote>\n\n\n\n<p class=\"has-text-align-right\">(<em>Diario de Santa Faustina, 1541; 687)<\/em><\/p>\n\n\n\n<blockquote class=\"wp-block-quote is-layout-flow wp-block-quote-is-layout-flow\">\n<p><br>\u00abEscribe que cuando digan esta Coronilla en presencia del moribundo, Yo me pondr\u00e9 entre mi Padre y el, no como Justo Juez sino como Misericordioso\u00bb.<\/p>\n<\/blockquote>\n\n\n\n<p class=\"has-text-align-right\">(<em>Salvador\u00bb Diario 1541)<\/em><\/p>\n\n\n\n<hr class=\"wp-block-separator has-alpha-channel-opacity\"\/>\n\n\n\n<h4 class=\"wp-block-heading\">INTRODUCCI\u00d3N<\/h4>\n\n\n\n<h5 class=\"wp-block-heading\">La se\u00f1al de la Cruz<\/h5>\n\n\n\n<p>En el nombre del Padre, del Hijo y del Esp\u00edritu Santo. \u00a1Am\u00e9n!<\/p>\n\n\n\n<h5 class=\"wp-block-heading\">Oraci\u00f3n al principio:<\/h5>\n\n\n\n<p>\u201cExpiraste, Jes\u00fas, pero la fuente de vida brot\u00f3 para las almas y el mar de misericordia se abri\u00f3 para el mundo entero. Oh fuente de vida, insondable Misericordia Divina, abarca al mundo entero y derr\u00e1mate sobre nosotros\u201d.<\/p>\n\n\n\n<p class=\"has-text-align-right\">(<em>Diario de Santa Faustina, 1319)<\/em><\/p>\n\n\n\n<h5 class=\"wp-block-heading\">Padre Nuestro:<\/h5>\n\n\n\n<p>\u201cPadre nuestro, que est\u00e1s en el Cielo, santificado sea tu nombre; venga a nosotros tu reino; h\u00e1gase tu voluntad en la tierra como en el Cielo. Danos hoy nuestro pan de cada d\u00eda; perdona nuestras ofensas, como tambi\u00e9n nosotros perdonamos a los que nos ofenden; no nos dejes caer en la tentaci\u00f3n, y l\u00edbranos del mal. \u00a1Am\u00e9n!\u201d<\/p>\n\n\n\n<h5 class=\"wp-block-heading\">Avemar\u00eda:<\/h5>\n\n\n\n<p>\u201cDios te salve Mar\u00eda, llena eres de gracia, el Se\u00f1or es contigo, bendita eres entre todas las mujeres y bendito es el fruto de tu vientre, Jes\u00fas. Santa Mar\u00eda, Madre de Dios, ruega por nosotros pecadores, ahora y en la hora de nuestra muerte. Am\u00e9n\u201d.<\/p>\n\n\n\n<h5 class=\"wp-block-heading\">Credo:<\/h5>\n\n\n\n<p>\u201cCreo en Dios, Padre todopoderoso, creador del cielo y de la tierra. Creo en Jesucristo, su \u00fanico Hijo, nuestro Se\u00f1or, que fue concebido por obra y gracia del Esp\u00edritu Santo, naci\u00f3 de santa Mar\u00eda virgen, padeci\u00f3 bajo el poder de Poncio Pilato, fue crucificado, muerto y sepultado, descendi\u00f3 a los infiernos, al tercer d\u00eda resucit\u00f3 de entre los muertos, subi\u00f3 a los Cielos y est\u00e1 sentado a la derecha de Dios Padre Todopoderoso. Desde all\u00ed ha de venir a juzgar a vivos y muertos. Creo en el Esp\u00edritu Santo, la santa Iglesia Cat\u00f3lica, la comuni\u00f3n de los santos, el perd\u00f3n de los pecados, la resurrecci\u00f3n de la carne y la vida eterna. \u00a1Am\u00e9n!\u201d.<\/p>\n\n\n\n<hr class=\"wp-block-separator has-alpha-channel-opacity\"\/>\n\n\n\n<h4 class=\"wp-block-heading\">CINCO DECENAS<\/h4>\n\n\n\n<ol class=\"wp-block-list\">\n<li>Al comenzar cada decena, en las cuentas grandes, decir: \u00abPadre Eterno, te ofrezco el cuerpo, la sangre, el alma y la divinidad de tu amad\u00edsimo Hijo, nuestro se\u00f1or Jesucristo, como propiciaci\u00f3n de nuestros pecados y los del mundo entero\u00bb.<\/li>\n\n\n\n<li>En las cuentas peque\u00f1as: \u00abPor su dolorosa pasi\u00f3n, ten misericordia de nosotros y del mundo entero\u00bb.<\/li>\n\n\n\n<li>Al final cada decena: \u00abOh sangre y agua que brotaste del coraz\u00f3n de Jes\u00fas, como una fuente de misericordia para nosotros, en ti conf\u00edo\u00bb (<em>Diario de Santa Faustina, 84<\/em>)<\/li>\n<\/ol>\n\n\n\n<hr class=\"wp-block-separator has-alpha-channel-opacity\"\/>\n\n\n\n<h4 class=\"wp-block-heading\">ORACIONES<\/h4>\n\n\n\n<ol class=\"wp-block-list\">\n<li>Al finalizar las cinco decenas de la coronilla se repite tres veces: \u00abSanto Dios, santo fuerte, santo inmortal, ten piedad de nosotros y del mundo entero\u00bb.<\/li>\n\n\n\n<li>Oraci\u00f3n final: \u00abOh Dios Eterno, en quien la misericordia es infinita y el tesoro de compasi\u00f3n inagotable, vuelve a nosotros tu mirada bondadosa y aumenta tu misericordia en nosotros, con el fin de que en los momentos dif\u00edciles, no nos desesperemos ni nos desalentamos, sino que, con la m\u00e1xima confianza, nos sometamos a tu santa voluntad, que es el amor y la misericordia mismos. \u00a1Am\u00e9n!\u00bb (<em>Diario de Santa Faustina, 950)<\/em><\/li>\n<\/ol>\n\n\n\n<hr class=\"wp-block-separator has-alpha-channel-opacity\"\/>\n\n\n\n<h4 class=\"wp-block-heading\">Oraci\u00f3n final<\/h4>\n\n\n\n<p>\u201cPadre eterno, mira con misericordia al grupo elegido de tu vi\u00f1a, a las almas de los sacerdotes, religiosos y religiosas; ot\u00f3rgales el poder de tu bendici\u00f3n. Por el amor del coraz\u00f3n de tu Hijo, en el cual est\u00e1n encerradas, conc\u00e9deles el poder de tu luz para que puedan guiar a otros en el camino de la salvaci\u00f3n, y a una sola voz canten alabanzas a tu misericordia sin l\u00edmite por los siglos de los siglos.<br>\u00a1Am\u00e9n!\u201d <\/p>\n\n\n\n<p class=\"has-text-align-right\">(<em>Diario de Santa Faustina, 1213)<\/em><\/p>\n","protected":false},"excerpt":{"rendered":"<p>S\u00e1bado santo o cualquier d\u00eda del a\u00f1o Intenci\u00f3n del d\u00eda \u201cHoy tr\u00e1eme a las almas de los sacerdotes y las almas de los religiosos, y sum\u00e9rgelas en mi misericordia insondable. Fueron ellas las que me dieron fortaleza para soportar mi amarga pasi\u00f3n. A trav\u00e9s de ellas, como a trav\u00e9s de canales, mi misericordia fluye hacia [&hellip;]<\/p>\n","protected":false},"author":1,"featured_media":45637,"comment_status":"open","ping_status":"closed","sticky":false,"template":"","format":"standard","meta":{"footnotes":""},"categories":[6,3],"tags":[41,174,173,169,5,170,162,88,97],"class_list":["post-32","post","type-post","status-publish","format-standard","has-post-thumbnail","hentry","category-novena-a-la-divina-misericordia","category-novenas","tag-dios","tag-espiritu-santo-2","tag-jesucristo","tag-misericordia","tag-novena","tag-pasion-de-cristo","tag-sagrado-corazon-de-jesus","tag-semana-santa","tag-viernes-santo"],"_links":{"self":[{"href":"https:\/\/cieloabierto.com.mx\/blog\/wp-json\/wp\/v2\/posts\/32","targetHints":{"allow":["GET"]}}],"collection":[{"href":"https:\/\/cieloabierto.com.mx\/blog\/wp-json\/wp\/v2\/posts"}],"about":[{"href":"https:\/\/cieloabierto.com.mx\/blog\/wp-json\/wp\/v2\/types\/post"}],"author":[{"embeddable":true,"href":"https:\/\/cieloabierto.com.mx\/blog\/wp-json\/wp\/v2\/users\/1"}],"replies":[{"embeddable":true,"href":"https:\/\/cieloabierto.com.mx\/blog\/wp-json\/wp\/v2\/comments?post=32"}],"version-history":[{"count":3,"href":"https:\/\/cieloabierto.com.mx\/blog\/wp-json\/wp\/v2\/posts\/32\/revisions"}],"predecessor-version":[{"id":45697,"href":"https:\/\/cieloabierto.com.mx\/blog\/wp-json\/wp\/v2\/posts\/32\/revisions\/45697"}],"wp:featuredmedia":[{"embeddable":true,"href":"https:\/\/cieloabierto.com.mx\/blog\/wp-json\/wp\/v2\/media\/45637"}],"wp:attachment":[{"href":"https:\/\/cieloabierto.com.mx\/blog\/wp-json\/wp\/v2\/media?parent=32"}],"wp:term":[{"taxonomy":"category","embeddable":true,"href":"https:\/\/cieloabierto.com.mx\/blog\/wp-json\/wp\/v2\/categories?post=32"},{"taxonomy":"post_tag","embeddable":true,"href":"https:\/\/cieloabierto.com.mx\/blog\/wp-json\/wp\/v2\/tags?post=32"}],"curies":[{"name":"wp","href":"https:\/\/api.w.org\/{rel}","templated":true}]}}