{"id":20,"date":"2022-09-02T10:08:15","date_gmt":"2022-09-02T10:08:15","guid":{"rendered":"https:\/\/cieloabierto.com.mx\/blog\/?p=20"},"modified":"2022-10-05T16:02:48","modified_gmt":"2022-10-05T16:02:48","slug":"novena-al-espiritu-santo-dia-7","status":"publish","type":"post","link":"https:\/\/cieloabierto.com.mx\/blog\/2022\/09\/novena-al-espiritu-santo-dia-7\/","title":{"rendered":"Novena al Esp\u00edritu Santo D\u00eda 7"},"content":{"rendered":"\n<h4 class=\"wp-block-heading\">Se\u00f1al de la Cruz<\/h4>\n\n\n\n<p>Por la se\u00f1al de la santa Cruz, de nuestros enemigos, l\u00edbranos, Se\u00f1or, Dios nuestro. En el nombre del Padre, del Hijo y del Esp\u00edritu Santo, \u00a1Am\u00e9n!<\/p>\n\n\n\n<hr class=\"wp-block-separator has-alpha-channel-opacity\"\/>\n\n\n\n<h4 class=\"wp-block-heading\">Acto de fe al Esp\u00edritu Santo <\/h4>\n\n\n\n<p class=\"has-text-align-right\"><em>Concepci\u00f3n Cabrera de Armida<\/em><\/p>\n\n\n\n<p>Oh, Esp\u00edritu Santo, \u00a1fuente perenne de todas las gracias! Iluminado por la fe, creo firmemente que eres la Tercera Persona de la Sant\u00edsima Trinidad, verdadero Dios, que procedes, como de un solo principio, del Padre y del Hijo.<\/p>\n\n\n\n<p><br>Creo tambi\u00e9n que, conforme a los ardientes deseos de nuestro Salvador, has recibido la misi\u00f3n de proteger y santificar la vida del pueblo de Dios.<\/p>\n\n\n\n<p><br>Atra\u00eddo por estas verdades y deseando participar de tu infinita vida y fecundidad, me postro ante Ti, para consagrarme especialmente hoy y siempre a Ti. Quiero vivir bajo tu sombra y que establezcas en m\u00ed tu morada sin separarte jam\u00e1s de m\u00ed.<br>\u00a1Oh, Esp\u00edritu Consolador! S\u00e9 desde hoy mi gu\u00eda y mi luz; mi fortaleza y mi consuelo para que, vivificado por Ti, rechace todo aquello que atenta contra la vida y abrace la cruz de Jes\u00fas; que ella sea mi gloria y salvaci\u00f3n.<\/p>\n\n\n\n<p><br>Reg\u00e1lame un coraz\u00f3n nuevo. \u00a1Am\u00e9n!<\/p>\n\n\n\n<hr class=\"wp-block-separator has-alpha-channel-opacity\"\/>\n\n\n\n<h4 class=\"wp-block-heading\">Acto de Consagraci\u00f3n al Esp\u00edritu Santo<\/h4>\n\n\n\n<p class=\"has-text-align-right\"><em>P. F\u00e9lix de Jes\u00fas Rougier, M. Sp. S<\/em><\/p>\n\n\n\n<p>\u00a1Oh, Esp\u00edritu Santo!, recibe la consagraci\u00f3n perfecta y absoluta de todo mi ser. D\u00edgnate ser en adelante, en cada uno de los instantes de mi vida y en cada una de mis acciones: mi director, mi luz, mi gu\u00eda y mi fuerza.<\/p>\n\n\n\n<p><br>Yo me abandono sin reserva a tus operaciones divinas y quiero ser siempre d\u00f3cil a tus inspiraciones.<\/p>\n\n\n\n<p><br>\u00a1Oh, Esp\u00edritu Santo!, transf\u00f3rmame, con Mar\u00eda y en Mar\u00eda, en Cristo Jes\u00fas, para gloria del Padre y salvaci\u00f3n del mundo. \u00a1Am\u00e9n!<\/p>\n\n\n\n<hr class=\"wp-block-separator has-alpha-channel-opacity\"\/>\n\n\n\n<h4 class=\"wp-block-heading\">Jaculatoria<\/h4>\n\n\n\n<p>Sana nuestras heridas, renueva nuestras fuerzas. En nuestra aridez, derrama tu roc\u00edo de agua viva; \u201clava las manchas de nuestra culpa\u201d Sal. 51<\/p>\n\n\n\n<hr class=\"wp-block-separator has-alpha-channel-opacity\"\/>\n\n\n\n<h4 class=\"wp-block-heading\">Lectura: El don de consejo<\/h4>\n\n\n\n<p>El don de consejo dota al alma de prudencia sobrenatural, permiti\u00e9ndole juzgar con prontitud y correctamente qu\u00e9 debe hacer, especialmente en circunstancias dif\u00edciles. El consejo aplica los principios dados por el conocimiento y el entendimiento a los innumerables casos concretos que confrontamos en el curso de nuestras diarias obligaciones en tanto padres, docentes, servidores p\u00fablicos y ciudadanos cristianos. <\/p>\n\n\n\n<p>El don de consejo es un sentido com\u00fan sobrenatural, un tesoro invalorable en el tema de la salvaci\u00f3n. \u201cY por encima de todo esto, suplica al Alt\u00edsimo para que enderece tu camino en la verdad\u201d Ecl. 37,15<\/p>\n\n\n\n<hr class=\"wp-block-separator has-alpha-channel-opacity\"\/>\n\n\n\n<h4 class=\"wp-block-heading\">Oraci\u00f3n<\/h4>\n\n\n\n<p class=\"has-text-align-right\"><em>cfr. Concepci\u00f3n Cabrera de Armida<\/em><\/p>\n\n\n\n<p>Oh, Esp\u00edritu amado, aunque no lo merecemos, haznos escuchar tus suav\u00edsimos consejos que nos librar\u00e1n de todo mal. Ba\u00f1a nuestro interior con la dulzura de tu voz y ens\u00e9\u00f1anos a cumplir siempre la divina voluntad sin vacilar. Nos pides oraci\u00f3n, amor y renuncia a nosotros mismos para regalarnos este tesoro; ay\u00fadanos, pues, il\u00fastranos, abr\u00e1sanos y danos tu don de consejo. Que tu fuego devorador consuma toda la impureza de nuestro interior. \u00a1Am\u00e9n!<\/p>\n\n\n\n<hr class=\"wp-block-separator has-alpha-channel-opacity\"\/>\n\n\n\n<h4 class=\"wp-block-heading\">CORONILLA AL ESP\u00cdRITU SANTO<\/h4>\n\n\n\n<p class=\"has-text-align-right\"><em>Beata Elena Guerra<\/em><\/p>\n\n\n\n<p><strong>Credo de los Ap\u00f3stoles:<\/strong><br>Creo en Dios Padre todopoderoso, creador del cielo y de la tierra. Creo en Jesucristo, su \u00fanico Hijo, nuestro Se\u00f1or, que fue concebido por obra y gracia del Esp\u00edritu Santo; naci\u00f3 de Santa Mar\u00eda Virgen, padeci\u00f3 bajo el poder de Poncio Pilato, fue crucificado, muerto y sepultado, descendi\u00f3 a los infiernos, al tercer d\u00eda resucit\u00f3 entre los muertos, subi\u00f3 a los cielos y est\u00e1 sentado a la derecha de Dios Padre, todopoderoso; desde all\u00ed vendr\u00e1 a juzgar a vivos y a muertos. Creo en el Esp\u00edritu Santo, la Santa Iglesia Cat\u00f3lica, la comuni\u00f3n de los santos, el perd\u00f3n de los pecados, la resurrecci\u00f3n de la carne y la vida eterna. Am\u00e9n.<br><br><strong>Gloria:<\/strong> Gloria al Padre y al Hijo y al Esp\u00edritu Santo. Como era en el principio ahora y siempre por los siglos de los siglos. Am\u00e9n.<br><br><strong>Don de inteligencia o entendimiento:<\/strong> Ven, oh, esp\u00edritu de intelecto, ilumina nuestra mente con la luz de la verdad eterna y ll\u00e9nala de pensamientos santos.<br>Repetir 7 veces: \u00abPadre Santo, en el nombre de Jes\u00fas, env\u00eda tu Esp\u00edritu de inteligencia a renovar la faz de la tierra\u00bb<br><br><strong>Don de sabidur\u00eda:<\/strong> Ven, oh, esp\u00edritu de sabidur\u00eda, desap\u00e9ganos de las cosas de la tierra e inf\u00fandenos amor y gusto por las cosas del cielo.<br>Repetir 7 veces: \u00abPadre Santo, en el nombre de Jes\u00fas, env\u00eda tu Esp\u00edritu de sabidur\u00eda a renovar la faz de la tierra\u00bb<br><br><strong>Don de fortaleza:<\/strong> Ven, oh, esp\u00edritu de fortaleza, y danos fuerza, constancia y victoria en las batallas contra nuestros enemigos espirituales.<br>Repetir 7 veces: \u00abPadre Santo, en el nombre de Jes\u00fas, env\u00eda tu Esp\u00edritu de fortaleza a renovar la faz de la tierra\u00bb<br><br><strong>Don de consejo:<\/strong> Ven, oh, esp\u00edritu de consejo, haznos d\u00f3ciles a tus inspiraciones y gu\u00edanos en el camino de la verdad.<br>Repetir 7 veces: \u00abPadre Santo, en el nombre de Jes\u00fas, env\u00eda tu Esp\u00edritu de consejo a renovar la faz de la tierra\u00bb<br><br><strong>Don de ciencia: <\/strong>Ven, oh, esp\u00edritu de ciencia, s\u00e9 el maestro de nuestras almas y ay\u00fadanos a practicar tus ense\u00f1anzas.<br>Repetir 7 veces: \u00abPadre Santo, en el nombre de Jes\u00fas, env\u00eda tu Esp\u00edritu de ciencia a renovar la faz de la tierra\u00bb<br><br><strong>Don de piedad:<\/strong> Ven, oh, esp\u00edritu de piedad, ven a morar en nuestros corazones para que poseas y santifiques todos nuestros afectos.<br>Repetir 7 veces: \u00abPadre Santo, en el nombre de Jes\u00fas, env\u00eda tu Esp\u00edritu de piedad a renovar la faz de la tierra\u00bb<br><br><strong>Don de temor de Dios:<\/strong> Ven, oh, esp\u00edritu de temor de Dios, reina sobre nuestra voluntad, y ay\u00fadanos a estar siempre dispuestos a sufrir cualquier mal en lugar de pecar.<br>Repetir 7 veces: \u00abPadre Santo, en el nombre de Jes\u00fas, env\u00eda tu Esp\u00edritu de santo temor a renovar la faz de la tierra\u00bb<br><br><strong>Oremos:<\/strong><br>Esp\u00edritu de Dios, desciende sobre nosotros, sobre nuestras familias y sobre el mundo entero; Arranca de nosotros la incomprensi\u00f3n, la impaciencia, la discordia y en su lugar, inf\u00fandenos comprensi\u00f3n, paciencia y armon\u00eda. \u00a1Am\u00e9n!<\/p>\n\n\n\n<hr class=\"wp-block-separator has-alpha-channel-opacity\"\/>\n\n\n\n<h4 class=\"wp-block-heading\">Oraci\u00f3n al Esp\u00edritu Santo<\/h4>\n\n\n\n<p>Ven, Dios Esp\u00edritu Santo, y env\u00edanos desde el cielo tu luz, para iluminarnos.<\/p>\n\n\n\n<p>Ven ya, Padre de los pobres, luz que penetra en las almas, dador de todos los dones.<\/p>\n\n\n\n<p>Fuente de todo consuelo, amable hu\u00e9sped del alma, paz en las horas de duelo.<\/p>\n\n\n\n<p>Eres pausa en el trabajo, brisa, en un clima de fuego, consuelo en medio del llanto.<\/p>\n\n\n\n<p>Ven, luz santificadora, y entra hasta el fondo del alma de todos los que te adoran.<\/p>\n\n\n\n<p>Sin tu inspiraci\u00f3n divina los hombres nada podemos y el pecado nos domina.<\/p>\n\n\n\n<p>Lava nuestras inmundicias, fecunda nuestros desiertos y cura nuestras heridas.<\/p>\n\n\n\n<p>Doblega nuestra soberbia, calienta nuestra frialdad, endereza nuestras sendas.<\/p>\n\n\n\n<p>Concede a aquellos que ponen en Ti su fe y su confianza tus siete sagrados dones.<\/p>\n\n\n\n<p>Danos virtudes y m\u00e9ritos, danos una buena muerte y contigo el gozo eterno.<\/p>\n\n\n\n<hr class=\"wp-block-separator has-alpha-channel-opacity\"\/>\n\n\n\n<h4 class=\"wp-block-heading\">Persignarse<\/h4>\n\n\n\n<p>Que nos bendiga el poder del Padre celestial, la sabidur\u00eda del Hijo divino y el amor del Esp\u00edritu Santo. En el nombre del Padre, del Hijo y del Esp\u00edritu Santo, \u00a1Am\u00e9n!<\/p>\n","protected":false},"excerpt":{"rendered":"<p>Se\u00f1al de la Cruz Por la se\u00f1al de la santa Cruz, de nuestros enemigos, l\u00edbranos, Se\u00f1or, Dios nuestro. En el nombre del Padre, del Hijo y del Esp\u00edritu Santo, \u00a1Am\u00e9n! Acto de fe al Esp\u00edritu Santo Concepci\u00f3n Cabrera de Armida Oh, Esp\u00edritu Santo, \u00a1fuente perenne de todas las gracias! Iluminado por la fe, creo firmemente [&hellip;]<\/p>\n","protected":false},"author":1,"featured_media":0,"comment_status":"open","ping_status":"closed","sticky":false,"template":"","format":"standard","meta":{"footnotes":""},"categories":[4,3],"tags":[5],"class_list":["post-20","post","type-post","status-publish","format-standard","hentry","category-novena-al-espiritu-santo","category-novenas","tag-novena"],"_links":{"self":[{"href":"https:\/\/cieloabierto.com.mx\/blog\/wp-json\/wp\/v2\/posts\/20","targetHints":{"allow":["GET"]}}],"collection":[{"href":"https:\/\/cieloabierto.com.mx\/blog\/wp-json\/wp\/v2\/posts"}],"about":[{"href":"https:\/\/cieloabierto.com.mx\/blog\/wp-json\/wp\/v2\/types\/post"}],"author":[{"embeddable":true,"href":"https:\/\/cieloabierto.com.mx\/blog\/wp-json\/wp\/v2\/users\/1"}],"replies":[{"embeddable":true,"href":"https:\/\/cieloabierto.com.mx\/blog\/wp-json\/wp\/v2\/comments?post=20"}],"version-history":[{"count":1,"href":"https:\/\/cieloabierto.com.mx\/blog\/wp-json\/wp\/v2\/posts\/20\/revisions"}],"predecessor-version":[{"id":21,"href":"https:\/\/cieloabierto.com.mx\/blog\/wp-json\/wp\/v2\/posts\/20\/revisions\/21"}],"wp:attachment":[{"href":"https:\/\/cieloabierto.com.mx\/blog\/wp-json\/wp\/v2\/media?parent=20"}],"wp:term":[{"taxonomy":"category","embeddable":true,"href":"https:\/\/cieloabierto.com.mx\/blog\/wp-json\/wp\/v2\/categories?post=20"},{"taxonomy":"post_tag","embeddable":true,"href":"https:\/\/cieloabierto.com.mx\/blog\/wp-json\/wp\/v2\/tags?post=20"}],"curies":[{"name":"wp","href":"https:\/\/api.w.org\/{rel}","templated":true}]}}